{"id":12545,"date":"2020-01-15T16:17:26","date_gmt":"2020-01-15T15:17:26","guid":{"rendered":"http:\/\/mgtiroda.hu\/?p=12545"},"modified":"2020-01-15T16:17:26","modified_gmt":"2020-01-15T15:17:26","slug":"ujszaszy-laszlo-dij-felhivas","status":"publish","type":"post","link":"https:\/\/mgtiroda.hu\/en\/ujszaszy-laszlo-dij-felhivas\/","title":{"rendered":"\u00dajsz\u00e1szy L\u00e1szl\u00f3 d\u00edj &#8211; felh\u00edv\u00e1s"},"content":{"rendered":"<p><span style=\"font-size: 14pt;\">A Magyar B\u00e9lbetegek\u00e9rt Alap\u00edtv\u00e1ny kurat\u00f3riuma a kor\u00e1bbi \u00e9vekhez hasonl\u00f3an meghirdeti az \u00dajsz\u00e1szy L\u00e1szl\u00f3 d\u00edjat. Az elismer\u00e9st az MGT Colon Szekci\u00f3 2020. \u00e9vi Tudom\u00e1nyos \u00dcl\u00e9s\u00e9n elhangzott, az \u00fcl\u00e9seln\u00f6k\u00f6k szavazatai alapj\u00e1n a legjobbnak \u00e9rt\u00e9kelt szabadon bejelentett el\u0151ad\u00e1s\u00e9rt aj\u00e1nlja fel. A d\u00edjazott a Colon Szekci\u00f3 2021. \u00e9vi Tudom\u00e1nyos \u00dcl\u00e9sre tejes k\u00f6r\u0171 r\u00e9szv\u00e9teli lehet\u0151s\u00e9get kap.<\/span><\/p>\n<p><span style=\"font-size: 14pt;\">Absztrakt bead\u00e1si hat\u00e1rid\u0151: 2020. febru\u00e1r 1.:\u00a0<a href=\"http:\/\/colon2020.timelessevent.hu\/abstract\/new\">http:\/\/colon2020.timelessevent.hu\/abstract\/new<\/a>\u00a0<\/span><\/p>","protected":false},"excerpt":{"rendered":"<p>A Magyar B\u00e9lbetegek\u00e9rt Alap\u00edtv\u00e1ny kurat\u00f3riuma a kor\u00e1bbi \u00e9vekhez hasonl\u00f3an meghirdeti az \u00dajsz\u00e1szy L\u00e1szl\u00f3 d\u00edjat. Az elismer\u00e9st az MGT Colon Szekci\u00f3 2020. \u00e9vi Tudom\u00e1nyos \u00dcl\u00e9s\u00e9n elhangzott, <a href=\"https:\/\/mgtiroda.hu\/en\/ujszaszy-laszlo-dij-felhivas\/\"> [&#8230;]<\/a><\/p>\n","protected":false},"author":1,"featured_media":0,"comment_status":"closed","ping_status":"open","sticky":false,"template":"","format":"standard","meta":{"footnotes":""},"categories":[40],"tags":[],"class_list":["post-12545","post","type-post","status-publish","format-standard","hentry","category-hirek"],"_links":{"self":[{"href":"https:\/\/mgtiroda.hu\/en\/wp-json\/wp\/v2\/posts\/12545","targetHints":{"allow":["GET"]}}],"collection":[{"href":"https:\/\/mgtiroda.hu\/en\/wp-json\/wp\/v2\/posts"}],"about":[{"href":"https:\/\/mgtiroda.hu\/en\/wp-json\/wp\/v2\/types\/post"}],"author":[{"embeddable":true,"href":"https:\/\/mgtiroda.hu\/en\/wp-json\/wp\/v2\/users\/1"}],"replies":[{"embeddable":true,"href":"https:\/\/mgtiroda.hu\/en\/wp-json\/wp\/v2\/comments?post=12545"}],"version-history":[{"count":0,"href":"https:\/\/mgtiroda.hu\/en\/wp-json\/wp\/v2\/posts\/12545\/revisions"}],"wp:attachment":[{"href":"https:\/\/mgtiroda.hu\/en\/wp-json\/wp\/v2\/media?parent=12545"}],"wp:term":[{"taxonomy":"category","embeddable":true,"href":"https:\/\/mgtiroda.hu\/en\/wp-json\/wp\/v2\/categories?post=12545"},{"taxonomy":"post_tag","embeddable":true,"href":"https:\/\/mgtiroda.hu\/en\/wp-json\/wp\/v2\/tags?post=12545"}],"curies":[{"name":"wp","href":"https:\/\/api.w.org\/{rel}","templated":true}]}}