{"id":12577,"date":"2020-03-19T16:41:28","date_gmt":"2020-03-19T15:41:28","guid":{"rendered":"http:\/\/mgtiroda.hu\/?p=12577"},"modified":"2020-12-05T12:17:27","modified_gmt":"2020-12-05T11:17:27","slug":"az-mgt-endoszkopos-szekciojanak-sars-cov-2-jarvanyugyi-veszelyhelyzeti-protokoll-javaslata-verzio-1","status":"publish","type":"post","link":"https:\/\/mgtiroda.hu\/en\/az-mgt-endoszkopos-szekciojanak-sars-cov-2-jarvanyugyi-veszelyhelyzeti-protokoll-javaslata-verzio-1\/","title":{"rendered":"Az MGT Endoszk\u00f3pos Szekci\u00f3j\u00e1nak SARS-CoV-2 j\u00e1rv\u00e1ny\u00fcgyi vesz\u00e9lyhelyzeti protokoll javaslata (verzi\u00f3 1)"},"content":{"rendered":"<p>A Magyar Gasztroenterol\u00f3giai T\u00e1rsas\u00e1g (MGT) Endoszk\u00f3pos Szekci\u00f3j\u00e1nak SARS-CoV-2 j\u00e1rv\u00e1ny\u00fcgyi vesz\u00e9lyhelyzeti protokoll javaslata az endoszk\u00f3pos ell\u00e1t\u00e1sra vonatkoz\u00f3an &#8211; verzi\u00f3 1<!--more--><\/p>\n<p>Mell\u00e9klet:<\/p>\n<ul>\n<li>SARS-CoV-2 j\u00e1rv\u00e1ny\u00fcgyi v\u00e9szhelyzeti protokoll javaslat (verzi\u00f3 1):<br \/>\n<a href=\"http:\/\/korlevel.gastroenter.hu\/media\/com_acymailing\/upload\/mgt_endoszkopos_szekcio_jarvanyugyi_veszhelyzeti_protokoll_2020.pdf\" target=\"_blank\" rel=\"noopener noreferrer\">http:\/\/korlevel.gastroenter.hu\/media\/com_acymailing\/upload\/mgt_endoszkopos_szekcio_jarvanyugyi_veszhelyzeti_protokoll_2020.pdf<\/a><\/li>\n<\/ul>","protected":false},"excerpt":{"rendered":"<p>A Magyar Gasztroenterol\u00f3giai T\u00e1rsas\u00e1g (MGT) Endoszk\u00f3pos Szekci\u00f3j\u00e1nak SARS-CoV-2 j\u00e1rv\u00e1ny\u00fcgyi vesz\u00e9lyhelyzeti protokoll javaslata az endoszk\u00f3pos ell\u00e1t\u00e1sra vonatkoz\u00f3an &#8211; verzi\u00f3 1<\/p>","protected":false},"author":1,"featured_media":0,"comment_status":"closed","ping_status":"open","sticky":false,"template":"","format":"standard","meta":{"footnotes":""},"categories":[75,40],"tags":[],"class_list":["post-12577","post","type-post","status-publish","format-standard","hentry","category-covid-19","category-hirek"],"_links":{"self":[{"href":"https:\/\/mgtiroda.hu\/en\/wp-json\/wp\/v2\/posts\/12577","targetHints":{"allow":["GET"]}}],"collection":[{"href":"https:\/\/mgtiroda.hu\/en\/wp-json\/wp\/v2\/posts"}],"about":[{"href":"https:\/\/mgtiroda.hu\/en\/wp-json\/wp\/v2\/types\/post"}],"author":[{"embeddable":true,"href":"https:\/\/mgtiroda.hu\/en\/wp-json\/wp\/v2\/users\/1"}],"replies":[{"embeddable":true,"href":"https:\/\/mgtiroda.hu\/en\/wp-json\/wp\/v2\/comments?post=12577"}],"version-history":[{"count":0,"href":"https:\/\/mgtiroda.hu\/en\/wp-json\/wp\/v2\/posts\/12577\/revisions"}],"wp:attachment":[{"href":"https:\/\/mgtiroda.hu\/en\/wp-json\/wp\/v2\/media?parent=12577"}],"wp:term":[{"taxonomy":"category","embeddable":true,"href":"https:\/\/mgtiroda.hu\/en\/wp-json\/wp\/v2\/categories?post=12577"},{"taxonomy":"post_tag","embeddable":true,"href":"https:\/\/mgtiroda.hu\/en\/wp-json\/wp\/v2\/tags?post=12577"}],"curies":[{"name":"wp","href":"https:\/\/api.w.org\/{rel}","templated":true}]}}