{"id":12579,"date":"2020-03-21T22:29:50","date_gmt":"2020-03-21T21:29:50","guid":{"rendered":"http:\/\/mgtiroda.hu\/?p=12579"},"modified":"2020-04-16T10:50:32","modified_gmt":"2020-04-16T08:50:32","slug":"koronavirussal-kapcsolatos-betegtajekoztato-majbetegek-reszere","status":"publish","type":"post","link":"https:\/\/mgtiroda.hu\/en\/koronavirussal-kapcsolatos-betegtajekoztato-majbetegek-reszere\/","title":{"rendered":"Koronav\u00edrussal kapcsolatos betegt\u00e1j\u00e9koztat\u00f3 m\u00e1jbetegek r\u00e9sz\u00e9re"},"content":{"rendered":"<p style=\"text-align: center;\"><strong>\u00daj koronav\u00edrussal kapcsolatos t\u00e1j\u00e9koztat\u00e1s az immunszuppressz\u00edv gy\u00f3gyszereket szed\u0151, \u00e9s\/vagy m\u00e1jtranszplant\u00e1ci\u00f3n \u00e1tesett m\u00e1jbetegek sz\u00e1m\u00e1ra<\/strong><br \/>\n<strong>(kiskor\u00faak eset\u00e9n, sz\u00fcleik sz\u00e1m\u00e1ra)<\/strong><\/p>\n<p>A Magyar Gasztroenterol\u00f3giai T\u00e1rsas\u00e1g Hepatol\u00f3giai Szekci\u00f3ja nev\u00e9ben az elk\u00f6vetkez\u0151 hetekre, h\u00f3napokra vonatkoz\u00f3an szeretn\u00e9k megosztani \u00d6n\u00f6kkel az al\u00e1bbi inform\u00e1ci\u00f3t \u00e9s aj\u00e1nl\u00e1st a vil\u00e1gj\u00e1rv\u00e1nny\u00e1 v\u00e1lt \u00faj koronav\u00edrus (SARS-CoV-2) fert\u0151z\u00e9ssel kapcsolatban.<\/p>\n<p style=\"text-align: center;\"><span style=\"color: #ff0000;\"><strong>M\u00e1jbetegk\u00e9nt ne v\u00e1ltoztasson a kezel\u00e9sen, \u00e9s ne cs\u00f6kkentse a gy\u00f3gyszeradagol\u00e1st kezel\u0151orvosa megk\u00e9rdez\u00e9se n\u00e9lk\u00fcl!<\/strong><\/span><br \/>\n<span style=\"color: #ff0000;\"><strong>Bizonytalans\u00e1g eset\u00e9n h\u00edvja fel kezel\u0151orvos\u00e1t, vagy az \u00d6nt ell\u00e1t\u00f3 Int\u00e9zm\u00e9nyt<\/strong><\/span><br \/>\n<span style=\"color: #ff0000;\"><strong>(\u00e9s ne szem\u00e9lyesen keresse meg)!<\/strong><\/span><\/p>\n<p>Vesz\u00e9lyesebb lehet v\u00e1ltoztatni a ter\u00e1pi\u00e1n, mint azt v\u00e1ltoztat\u00e1s n\u00e9lk\u00fcl tov\u00e1bb folytatni, mind autoimmun m\u00e1jbetegs\u00e9gben szenved\u0151kn\u00e9l, mind szervtranszplant\u00e1ltakn\u00e1l!\u00a0<em><strong>Nemzetk\u00f6zi adatok alapj\u00e1n nem t\u0171nik kedvez\u0151tlenebbnek sem a fert\u0151z\u00e9s kock\u00e1zata, sem az esetleges fert\u0151z\u00e9s kimenetele azon betegek k\u00f6r\u00e9ben, akik immunszuppressz\u00edv k\u00e9sz\u00edtm\u00e9nyt szednek \u00e9s\/vagy m\u00e1j\u00e1t\u00fcltet\u00e9sben r\u00e9szes\u00fcltek.<\/strong><\/em><\/p>\n<p>Az \u00faj koronav\u00edrus terjed\u00e9s\u00e9nek megakad\u00e1lyoz\u00e1s\u00e1ra\/lass\u00edt\u00e1s\u00e1ra, valamint a vesz\u00e9lyeztetettekre \u00e9s a magas kock\u00e1zat\u00faakra vonatkoz\u00f3an ir\u00e1nyad\u00f3 \u00e1ltal\u00e1nos \u00f3vint\u00e9zked\u00e9sekkel \u00e9s egy\u00e9b teend\u0151kkel kapcsolatban javasoljuk, hogy saj\u00e1t-, \u00e9s k\u00f6rnyezete v\u00e9delm\u00e9ben k\u00f6vesse, \u00e9s tartsa be Magyarorsz\u00e1g Korm\u00e1nya, \u00e9s az \u00faj koronav\u00edrus fert\u0151z\u00e9s kapcs\u00e1n l\u00e9trehozott Operat\u00edv T\u00f6rzs rendelkez\u00e9seit, int\u00e9zked\u00e9seit, javaslatait.\u00a0<strong>EZEK BETART\u00c1SA VALAMENNYI\u00dcNK K\u00d6Z\u00d6S \u00c9RDEKE \u00c9S K\u00d6TELEZETTS\u00c9GE!<\/strong><\/p>\n<p>Magyar Gasztroenterol\u00f3giai T\u00e1rsas\u00e1g Hepatol\u00f3giai Szekci\u00f3ja<\/p>","protected":false},"excerpt":{"rendered":"<p>\u00daj koronav\u00edrussal kapcsolatos t\u00e1j\u00e9koztat\u00e1s az immunszuppressz\u00edv gy\u00f3gyszereket szed\u0151, \u00e9s\/vagy m\u00e1jtranszplant\u00e1ci\u00f3n \u00e1tesett m\u00e1jbetegek sz\u00e1m\u00e1ra (kiskor\u00faak eset\u00e9n, sz\u00fcleik sz\u00e1m\u00e1ra) A Magyar Gasztroenterol\u00f3giai T\u00e1rsas\u00e1g Hepatol\u00f3giai Szekci\u00f3ja nev\u00e9ben az <a href=\"https:\/\/mgtiroda.hu\/en\/koronavirussal-kapcsolatos-betegtajekoztato-majbetegek-reszere\/\"> [&#8230;]<\/a><\/p>\n","protected":false},"author":1,"featured_media":0,"comment_status":"closed","ping_status":"open","sticky":false,"template":"","format":"standard","meta":{"footnotes":""},"categories":[75,40],"tags":[],"class_list":["post-12579","post","type-post","status-publish","format-standard","hentry","category-covid-19","category-hirek"],"_links":{"self":[{"href":"https:\/\/mgtiroda.hu\/en\/wp-json\/wp\/v2\/posts\/12579","targetHints":{"allow":["GET"]}}],"collection":[{"href":"https:\/\/mgtiroda.hu\/en\/wp-json\/wp\/v2\/posts"}],"about":[{"href":"https:\/\/mgtiroda.hu\/en\/wp-json\/wp\/v2\/types\/post"}],"author":[{"embeddable":true,"href":"https:\/\/mgtiroda.hu\/en\/wp-json\/wp\/v2\/users\/1"}],"replies":[{"embeddable":true,"href":"https:\/\/mgtiroda.hu\/en\/wp-json\/wp\/v2\/comments?post=12579"}],"version-history":[{"count":0,"href":"https:\/\/mgtiroda.hu\/en\/wp-json\/wp\/v2\/posts\/12579\/revisions"}],"wp:attachment":[{"href":"https:\/\/mgtiroda.hu\/en\/wp-json\/wp\/v2\/media?parent=12579"}],"wp:term":[{"taxonomy":"category","embeddable":true,"href":"https:\/\/mgtiroda.hu\/en\/wp-json\/wp\/v2\/categories?post=12579"},{"taxonomy":"post_tag","embeddable":true,"href":"https:\/\/mgtiroda.hu\/en\/wp-json\/wp\/v2\/tags?post=12579"}],"curies":[{"name":"wp","href":"https:\/\/api.w.org\/{rel}","templated":true}]}}