{"id":12584,"date":"2020-04-18T12:26:51","date_gmt":"2020-04-18T10:26:51","guid":{"rendered":"http:\/\/mgtiroda.hu\/?p=12584"},"modified":"2020-04-18T12:27:13","modified_gmt":"2020-04-18T10:27:13","slug":"felkeres-reszvetelre-az-europai-helicobacter-pylori-regiszter-feltoltesere","status":"publish","type":"post","link":"https:\/\/mgtiroda.hu\/en\/felkeres-reszvetelre-az-europai-helicobacter-pylori-regiszter-feltoltesere\/","title":{"rendered":"Felk\u00e9r\u00e9s r\u00e9szv\u00e9telre az eur\u00f3pai Helicobacter Pylori regiszter felt\u00f6lt\u00e9s\u00e9re"},"content":{"rendered":"<p style=\"text-align: center;\"><strong><span style=\"font-size: 14pt;\">FELK\u00c9R\u00c9S R\u00c9SZV\u00c9TELRE AZ EUR\u00d3PAI\u00a0<em>HELICOBACTER PYLORI<\/em><\/span><\/strong><br \/>\n<strong><span style=\"font-size: 14pt;\">REGISZTER FELT\u00d6LT\u00c9S\u00c9RE<\/span><\/strong><\/p>\n<p><strong><span style=\"font-size: 14pt;\">Tisztelt koll\u00e9gan\u0151k\/koll\u00e9g\u00e1k:<\/span><\/strong><\/p>\n<p><span style=\"font-size: 14pt;\">Az Eur\u00f3pai Helicobacter pylori regiszter az Eur\u00f3pai Helicobacter pylori munkacsoport vezet\u0151s\u00e9g\u00e9nek kezdem\u00e9nyez\u00e9s\u00e9re j\u00f6tt l\u00e9tre. Magyarorsz\u00e1gon engem k\u00e9rtek meg a tev\u00e9kenys\u00e9g koordon\u00e1l\u00e1sra, ennek sor\u00e1n 10 centrumot k\u00e9rtem fel az adatgy\u0171jt\u00e9sre. A kutat\u00e1st az Eg\u00e9szs\u00e9g\u00fcgyi Tudom\u00e1nyos Tan\u00e1cs Tudom\u00e1nyos \u00e9s Kutat\u00e1setikai Bizotts\u00e1ga enged\u00e9lyezte, amelyet IV\/29090-12\/2020\/EKU sz. hat\u00e1rozat\u00e1val 2023. december 31.-ig meghosszabb\u00edtott. Az eltelt 7 \u00e9v alatt 351 hazai eset ker\u00fclt a regiszterbe a szegedi I. Belklinika, a gy\u0151ri Petz Alad\u00e1r K\u00f3rh\u00e1z \u00e9s a Ferencv\u00e1rosi Eg\u00e9szs\u00e9g\u00fcgyi Szolg\u00e1ltat\u00f3 Kft r\u00e9sz\u00e9r\u0151l, a t\u00f6bbi felk\u00e9rt centrum inakt\u00edv maradt.<\/span><br \/>\n<span style=\"font-size: 14pt;\">A teljes eur\u00f3pai regiszterben jelenleg 35,000 eset szerepel, az eredm\u00e9nyekb\u0151l t\u00f6bb nemzetk\u00f6zi \u00e9s egy hazai k\u00f6zlem\u00e9ny sz\u00fcletett (Buz\u00e1s GyM et al., Orv. Hetil; 2019: 160, 47, 1856-1863). A kutat\u00e1s beavatkoz\u00e1ssal nem j\u00e1r\u00f3 ny\u00edlt, nemzetk\u00f6zi multicentrikus vizsg\u00e1latnak min\u0151s\u00fcl: a tev\u00e9kenys\u00e9g nem szponzor\u00e1lt sem gy\u00f3gyszerc\u00e9g, sem alap\u00edtv\u00e1ny, sem munkahely, egyetem, vagy egy\u00e9b forr\u00e1s \u00e1ltal.<\/span><br \/>\n<span style=\"font-size: 14pt;\">Azzal a k\u00e9r\u00e9ssel fordulok \u00d6n\u00f6k fel\u00e9, hogy amennyiben az adatszolg\u00e1ltat\u00e1sban r\u00e9szt szeretn\u00e9nek venni, jelentkezzenek az al\u00e1bb megadott el\u00e9rhet\u0151s\u00e9geken. Az adatszolg\u00e1ltat\u00e1sban val\u00f3 r\u00e9szv\u00e9tel felt\u00e9telei:<\/span><br \/>\n<span style=\"font-size: 14pt;\">\u00a0 \u00a0 \u00a0a) Gasztroenterol\u00f3gus szakvizsga<\/span><br \/>\n<span style=\"font-size: 14pt;\">\u00a0 \u00a0 \u00a0b) Tapasztalat a\u00a0<em>Helicobacter pylori fert\u0151z\u00e9s<\/em>\u00a0eradik\u00e1ci\u00f3s kezel\u00e9s\u00e9ben<\/span><br \/>\n<span style=\"font-size: 14pt;\">\u00a0 \u00a0 \u00a0c) Munkahely\u00e9n rendelkez\u00e9sre \u00e1llnak a diagn\u00f3zis (endoszk\u00f3pia, sz\u00f6vettan, ure\u00e1z gyorsteszt, szerol\u00f3gia) \u00e9s kezel\u00e9s ellen\u0151rz\u00e9s\u00e9nek (13\/14-C-urea kil\u00e9gz\u00e9si teszt, sz\u00e9klet monoklon\u00e1lis antig\u00e9n) m\u00f3dszerei.<\/span><br \/>\n<span style=\"font-size: 14pt;\">Term\u00e9szetesen, mint minden regisztern\u00e9l a c\u00e9l az, hogy bepillant\u00e1st nyerj\u00fcnk az eradik\u00e1ci\u00f3s kezel\u00e9sek lok\u00e1lis \u00e9s kontinent\u00e1lis gyakorlat\u00e1ba \u00e9s az eredm\u00e9nyek alapj\u00e1n hazai \u00e9s nemzetk\u00f6zi k\u00f6zlem\u00e9nyek sz\u00fclessenek: ehhez azonban statisztikailag feldolgozhat\u00f3, megfelel\u0151 sz\u00e1m\u00fa eset sz\u00fcks\u00e9ges, amely indokolja a szerz\u0151s\u00e9get.<\/span><\/p>\n<p><span style=\"font-size: 14pt;\">El\u00e9rhet\u0151s\u00e9g:<\/span><br \/>\n<span style=\"font-size: 14pt;\">Dr.Buz\u00e1s Gy\u00f6rgy Mikl\u00f3s<\/span><br \/>\n<span style=\"font-size: 14pt;\">Ferencv\u00e1rosi Eg\u00e9szs\u00e9g\u00fcgyi Szolg\u00e1ltat\u00f3 Kft<\/span><br \/>\n<span style=\"font-size: 14pt;\">Gasztroenterol\u00f3gia<\/span><br \/>\n<span style=\"font-size: 14pt;\">1095 Budapest<\/span><br \/>\n<span style=\"font-size: 14pt;\">Mester utca 45<\/span><br \/>\n<span style=\"font-size: 14pt;\">Telefon: 36(1)-4554571 (naponta 7-13h k\u00f6z\u00f6tt)<\/span><br \/>\n<span style=\"font-size: 14pt;\">Fax. 361-4554504<\/span><br \/>\n<span style=\"font-size: 14pt;\">E-mail: <a href=\"mailto:drbgym@gmail.com\">drbgym@gmail.com<\/a>\u00a0<\/span><\/p>","protected":false},"excerpt":{"rendered":"<p>FELK\u00c9R\u00c9S R\u00c9SZV\u00c9TELRE AZ EUR\u00d3PAI\u00a0HELICOBACTER PYLORI REGISZTER FELT\u00d6LT\u00c9S\u00c9RE Tisztelt koll\u00e9gan\u0151k\/koll\u00e9g\u00e1k: Az Eur\u00f3pai Helicobacter pylori regiszter az Eur\u00f3pai Helicobacter pylori munkacsoport vezet\u0151s\u00e9g\u00e9nek kezdem\u00e9nyez\u00e9s\u00e9re j\u00f6tt l\u00e9tre. Magyarorsz\u00e1gon engem <a href=\"https:\/\/mgtiroda.hu\/en\/felkeres-reszvetelre-az-europai-helicobacter-pylori-regiszter-feltoltesere\/\"> [&#8230;]<\/a><\/p>\n","protected":false},"author":1,"featured_media":0,"comment_status":"closed","ping_status":"open","sticky":false,"template":"","format":"standard","meta":{"footnotes":""},"categories":[75,40],"tags":[],"class_list":["post-12584","post","type-post","status-publish","format-standard","hentry","category-covid-19","category-hirek"],"_links":{"self":[{"href":"https:\/\/mgtiroda.hu\/en\/wp-json\/wp\/v2\/posts\/12584","targetHints":{"allow":["GET"]}}],"collection":[{"href":"https:\/\/mgtiroda.hu\/en\/wp-json\/wp\/v2\/posts"}],"about":[{"href":"https:\/\/mgtiroda.hu\/en\/wp-json\/wp\/v2\/types\/post"}],"author":[{"embeddable":true,"href":"https:\/\/mgtiroda.hu\/en\/wp-json\/wp\/v2\/users\/1"}],"replies":[{"embeddable":true,"href":"https:\/\/mgtiroda.hu\/en\/wp-json\/wp\/v2\/comments?post=12584"}],"version-history":[{"count":0,"href":"https:\/\/mgtiroda.hu\/en\/wp-json\/wp\/v2\/posts\/12584\/revisions"}],"wp:attachment":[{"href":"https:\/\/mgtiroda.hu\/en\/wp-json\/wp\/v2\/media?parent=12584"}],"wp:term":[{"taxonomy":"category","embeddable":true,"href":"https:\/\/mgtiroda.hu\/en\/wp-json\/wp\/v2\/categories?post=12584"},{"taxonomy":"post_tag","embeddable":true,"href":"https:\/\/mgtiroda.hu\/en\/wp-json\/wp\/v2\/tags?post=12584"}],"curies":[{"name":"wp","href":"https:\/\/api.w.org\/{rel}","templated":true}]}}