{"id":12590,"date":"2020-05-15T22:46:17","date_gmt":"2020-05-15T20:46:17","guid":{"rendered":"http:\/\/mgtiroda.hu\/?p=12590"},"modified":"2020-12-05T12:16:21","modified_gmt":"2020-12-05T11:16:21","slug":"az-mgt-endoszkopos-szekciojanak-sars-cov-2-jarvanyugyi-veszelyhelyzeti-protokoll-javaslata-verzio-2","status":"publish","type":"post","link":"https:\/\/mgtiroda.hu\/en\/az-mgt-endoszkopos-szekciojanak-sars-cov-2-jarvanyugyi-veszelyhelyzeti-protokoll-javaslata-verzio-2\/","title":{"rendered":"Az MGT Endoszk\u00f3pos Szekci\u00f3j\u00e1nak SARS-CoV-2 j\u00e1rv\u00e1ny\u00fcgyi vesz\u00e9lyhelyzeti protokoll javaslata (verzi\u00f3 2)"},"content":{"rendered":"<p>A Magyar Gasztroenterol\u00f3giai T\u00e1rsas\u00e1g (MGT) Endoszk\u00f3pos Szekci\u00f3j\u00e1nak SARS-CoV-2 j\u00e1rv\u00e1ny\u00fcgyi vesz\u00e9lyhelyzeti protokoll javaslata az endoszk\u00f3pos ell\u00e1t\u00e1sra vonatkoz\u00f3an &#8211; verzi\u00f3 2<!--more--><\/p>\n<p>Mell\u00e9kletek:<\/p>\n<ul>\n<li>SARS-CoV-2 j\u00e1rv\u00e1ny\u00fcgyi v\u00e9szhelyzeti protokoll javaslat(verzi\u00f3 2.):<br \/>\n<a href=\"https:\/\/korlevel.gastroenter.hu\/media\/com_acymailing\/upload\/jarvanyugyi_veszelyhelyzeti_protokoll_v2.pdf\" target=\"_blank\" rel=\"noopener noreferrer\">https:\/\/korlevel.gastroenter.hu\/media\/com_acymailing\/upload\/jarvanyugyi_veszelyhelyzeti_protokoll_v2.pdf<\/a><\/li>\n<\/ul>\n<ul>\n<li>COVID triage lap:<br \/>\n<a href=\"https:\/\/korlevel.gastroenter.hu\/media\/com_acymailing\/upload\/1_sz_melleklet_covid_triage_lap.pdf\" target=\"_blank\" rel=\"noopener noreferrer\">https:\/\/korlevel.gastroenter.hu\/media\/com_acymailing\/upload\/1_sz_melleklet_covid_triage_lap.pdf<\/a><\/li>\n<\/ul>","protected":false},"excerpt":{"rendered":"<p>A Magyar Gasztroenterol\u00f3giai T\u00e1rsas\u00e1g (MGT) Endoszk\u00f3pos Szekci\u00f3j\u00e1nak SARS-CoV-2 j\u00e1rv\u00e1ny\u00fcgyi vesz\u00e9lyhelyzeti protokoll javaslata az endoszk\u00f3pos ell\u00e1t\u00e1sra vonatkoz\u00f3an &#8211; verzi\u00f3 2<\/p>","protected":false},"author":1,"featured_media":0,"comment_status":"closed","ping_status":"open","sticky":false,"template":"","format":"standard","meta":{"footnotes":""},"categories":[75,1,40],"tags":[],"class_list":["post-12590","post","type-post","status-publish","format-standard","hentry","category-covid-19","category-egyeb","category-hirek"],"_links":{"self":[{"href":"https:\/\/mgtiroda.hu\/en\/wp-json\/wp\/v2\/posts\/12590","targetHints":{"allow":["GET"]}}],"collection":[{"href":"https:\/\/mgtiroda.hu\/en\/wp-json\/wp\/v2\/posts"}],"about":[{"href":"https:\/\/mgtiroda.hu\/en\/wp-json\/wp\/v2\/types\/post"}],"author":[{"embeddable":true,"href":"https:\/\/mgtiroda.hu\/en\/wp-json\/wp\/v2\/users\/1"}],"replies":[{"embeddable":true,"href":"https:\/\/mgtiroda.hu\/en\/wp-json\/wp\/v2\/comments?post=12590"}],"version-history":[{"count":0,"href":"https:\/\/mgtiroda.hu\/en\/wp-json\/wp\/v2\/posts\/12590\/revisions"}],"wp:attachment":[{"href":"https:\/\/mgtiroda.hu\/en\/wp-json\/wp\/v2\/media?parent=12590"}],"wp:term":[{"taxonomy":"category","embeddable":true,"href":"https:\/\/mgtiroda.hu\/en\/wp-json\/wp\/v2\/categories?post=12590"},{"taxonomy":"post_tag","embeddable":true,"href":"https:\/\/mgtiroda.hu\/en\/wp-json\/wp\/v2\/tags?post=12590"}],"curies":[{"name":"wp","href":"https:\/\/api.w.org\/{rel}","templated":true}]}}