{"id":13206,"date":"2026-04-20T23:29:10","date_gmt":"2026-04-20T21:29:10","guid":{"rendered":"https:\/\/mgtiroda.hu\/?p=13206"},"modified":"2026-04-20T23:31:32","modified_gmt":"2026-04-20T21:31:32","slug":"beszamolo-az-mgt-endoszkopos-asszisztensi-szekciojanak-2025-2026-evi-eddigi-munkajarol","status":"publish","type":"post","link":"https:\/\/mgtiroda.hu\/en\/beszamolo-az-mgt-endoszkopos-asszisztensi-szekciojanak-2025-2026-evi-eddigi-munkajarol\/","title":{"rendered":"Besz\u00e1mol\u00f3 az MGT Endoszk\u00f3pos Asszisztensi Szekci\u00f3j\u00e1nak 2025\u20132026. \u00e9vi eddigi munk\u00e1j\u00e1r\u00f3l"},"content":{"rendered":"<p style=\"text-align: justify;\">Nagy \u00f6r\u00f6m\u00fcnkre szolg\u00e1lt, hogy 2025. j\u00fanius 12\u201315. k\u00f6z\u00f6tt Si\u00f3fokon megrendez\u00e9sre ker\u00fcl\u0151 MGT Nagygy\u0171l\u00e9sen \u00f6sszesen 196 szakdolgoz\u00f3 regisztr\u00e1lt. A szakdolgoz\u00f3i tudom\u00e1nyos napot hagyom\u00e1nyainkhoz h\u00edven az IBD n\u0151v\u00e9rek el\u0151ad\u00e1sai nyitott\u00e1k meg, ezt k\u00f6vet\u0151en az Endoszk\u00f3pos Asszisztensi Szekci\u00f3 tudom\u00e1nyos programja k\u00f6vetkezett. A r\u00e9szv\u00e9teli ar\u00e1ny a nap folyam\u00e1n v\u00e9gig t\u00f6retlen maradt, ami j\u00f3l t\u00fckr\u00f6zi a program ir\u00e1nti szakmai \u00e9rdekl\u0151d\u00e9st \u00e9s elk\u00f6telez\u0151d\u00e9st. Programunkat sz\u00ednes\u00edtette egy tandem el\u0151ad\u00e1s, amelyben k\u00e9t felk\u00e9rt orvos el\u0151ad\u00f3 \u00e9s egy asszisztens koll\u00e9gan\u0151 k\u00f6z\u00f6sen j\u00e1rult hozz\u00e1 a magas sz\u00ednvonal\u00fa szakmai tartalomhoz. A tudom\u00e1nyos programot k\u00f6vet\u0151en ker\u00fclt sor a k\u00f6zgy\u0171l\u00e9sre, amelynek keret\u00e9ben meghallgathattuk a GEA Alap\u00edtv\u00e1ny, valamint az ESGENA k\u00e9pviselet\u00e9t ell\u00e1t\u00f3 koll\u00e9gan\u0151 besz\u00e1mol\u00f3j\u00e1t is. A k\u00f6zgy\u0171l\u00e9s sor\u00e1n sor ker\u00fclt a tiszt\u00faj\u00edt\u00e1sra. Az \u00e1lland\u00f3 titk\u00e1r ismertette a v\u00e1laszt\u00e1s felt\u00e9teleit, \u00e9s a szab\u00e1lyok marad\u00e9ktalan betart\u00e1s\u00e1val megv\u00e1laszt\u00e1sra ker\u00fclt az \u00faj eln\u00f6ks\u00e9g. Az Endoszk\u00f3pos Asszisztensi Szekci\u00f3 vezet\u0151s\u00e9ge 10 f\u0151vel folytatja tov\u00e1bb a kor\u00e1bbi eln\u00f6ks\u00e9g munk\u00e1j\u00e1t.<br \/>\n2025-t\u0151l a szekci\u00f3 eln\u00f6ke: <strong>Bacskain\u00e9 Beluzs\u00e1r Adrienn (Miskolc)<\/strong>, a titk\u00e1ri feladatokat: <strong>Langhammer Szilvia (P\u00e9cs)<\/strong> l\u00e1tja el. \u00c1lland\u00f3 titk\u00e1runk :Reg\u0151czi Henriett ( Gy\u0151r ).Tov\u00e1bbi tagjaink :Balogh Erika ( Gyula ) , Geiger Erzs\u00e9bet ( Budapest ) , Mogyor\u00f3sin\u00e9 Medgyesi Erzs\u00e9bet (Miskolc ) , Pappn\u00e9 Szerdahelyi Erika\u00a0 ( Kisv\u00e1rda ) Tari Krisztina\u00a0 (Budapest\u00a0 )T\u00f3th Andrea( Budapest )Szab\u00f3 \u00c1gnes ( Szeged ) Varga \u00c9va\u00a0 (Budapest) .<!--more--><\/p>\n<p>Az idei \u00e9vben h\u00e1rom lek\u00f6sz\u00f6n\u0151 vezet\u0151s\u00e9gi tagt\u00f3l is b\u00facs\u00fat vett\u00fcnk:<\/p>\n<ul>\n<li>volt eln\u00f6k: Paulovicsn\u00e9 Kiss Melinda<\/li>\n<li>kor\u00e1bbi titk\u00e1r: Moln\u00e1r M\u00e1rta<\/li>\n<li>a GEA Alap\u00edtv\u00e1ny k\u00e9pvisel\u0151je: Kabai Annam\u00e1ria<\/li>\n<\/ul>\n<p>T\u00f6bb \u00e9ves, elhivatott munk\u00e1jukat ez\u00faton is k\u00f6sz\u00f6nj\u00fck.<\/p>\n<p style=\"text-align: justify;\">Lek\u00f6sz\u00f6n\u0151 tagjaink b\u00facs\u00faztat\u00e1s\u00e1t k\u00f6vet\u0151en az Asszisztensi Szekci\u00f3ban els\u0151 \u00edzben ker\u00fclt sor a 2024-ben, az Asszisztensi Szekci\u00f3 \u00e9s az Endoszk\u00f3pos Szekci\u00f3 \u00e1ltal alap\u00edtott Szepes Attila d\u00edj \u00e1tad\u00e1s\u00e1ra. A d\u00edjat Moln\u00e1r M\u00e1rta sz\u00e9kesfeh\u00e9rv\u00e1ri koll\u00e9gan\u0151 vehette \u00e1t. Az \u00fcnnep\u00e9lyes \u00e1tad\u00f3n jelen volt Szepes Zolt\u00e1n professzor \u00far, Vincze \u00c1ron professzor \u00far \u00e9s Dubrovcsik Zsolt tan\u00e1r \u00far is.Szekci\u00f3nk kiemelten fontosnak tartja, hogy az orvoskoll\u00e9g\u00e1k ne csak a mindennapi munk\u00e1ban, hanem a tudom\u00e1nyos \u00e9let\u00fcnkben is akt\u00edvan r\u00e9szt vegyenek, ezzel er\u0151s\u00edtve a multidiszciplin\u00e1ris egy\u00fcttm\u0171k\u00f6d\u00e9st. A k\u00f6zgy\u0171l\u00e9st k\u00f6vet\u0151en az \u00fajonnan megv\u00e1lasztott vezet\u0151s\u00e9g r\u00f6vid alakul\u00f3 \u00fcl\u00e9st tartott, ahol egyeztett\u00fck az el\u00e9rhet\u0151s\u00e9geket, valamint meghat\u00e1roztuk a legfontosabb r\u00f6vid t\u00e1v\u00fa feladatokat. Az MGT 67. Nagygy\u0171l\u00e9s\u00e9t k\u00f6vet\u0151en \u0151sszel megkezd\u0151d\u00f6tt a t\u00e9nyleges szakmai munka. T\u00f6bb alkalommal tartottunk online megbesz\u00e9l\u00e9seket, illetve egy alkalommal szem\u00e9lyes jelenl\u00e9ti egyeztet\u00e9s\u00fcnk is volt., melyek sor\u00e1n struktur\u00e1ltan meghat\u00e1roztuk a szekci\u00f3 m\u0171k\u00f6d\u00e9s\u00e9hez sz\u00fcks\u00e9ges feladatokat. A vezet\u0151s\u00e9gi tagok k\u00f6z\u00f6tt felosztottuk az orsz\u00e1g ter\u00fcleteit, \u00e9s mindenki bemutatkoz\u00f3 levelet k\u00fcld\u00f6tt a kijel\u00f6lt r\u00e9gi\u00f3j\u00e1ba. Ezt k\u00f6vet\u0151en megkezdt\u00fck az orsz\u00e1gban dolgoz\u00f3 endoszk\u00f3pos asszisztensek l\u00e9tsz\u00e1m\u00e1nak felm\u00e9r\u00e9s\u00e9t. Az adatgy\u0171jt\u00e9s c\u00e9lja, hogy a jelent\u0151sen cs\u00f6kken\u0151 asszisztensi l\u00e9tsz\u00e1m probl\u00e9m\u00e1j\u00e1t hivatalos form\u00e1ban is jelezhess\u00fck az illet\u00e9kes d\u00f6nt\u00e9shoz\u00f3k fel\u00e9. Kiemelten fontosnak tartjuk hivat\u00e1sunk n\u00e9pszer\u0171s\u00edt\u00e9s\u00e9t \u00e9s a fiatal szakdolgoz\u00f3k bevon\u00e1s\u00e1t. A szekci\u00f3 els\u0151, elm\u00e9leti \u00e9s gyakorlati elemeket is tartalmaz\u00f3, pontszerz\u0151 tov\u00e1bbk\u00e9pz\u0151 programja 2026 m\u00e1rcius\u00e1ban, a Colon Szekci\u00f3 jubileumi kongresszus\u00e1n val\u00f3sult meg Egerszal\u00f3kon. A visszajelz\u00e9sek alapj\u00e1n egy magas sz\u00ednvonal\u00fa, j\u00f3l szervezett programot siker\u00fclt megval\u00f3s\u00edtanunk, amely k\u00fcl\u00f6n\u00f6sen a gyakorlati bemutat\u00f3k r\u00e9v\u00e9n v\u00e1lt n\u00e9pszer\u0171v\u00e9. A k\u00e9pz\u00e9st az akkredit\u00e1ci\u00f3s bizotts\u00e1g 15 szabadon v\u00e1laszthat\u00f3 elm\u00e9leti ponttal \u00e9rt\u00e9kelte. Jelenleg az Endoszk\u00f3pos Asszisztensi Szekci\u00f3 akt\u00edvan dolgozik az MGT 68. Nagygy\u0171l\u00e9s\u00e9nek szakdolgoz\u00f3i programj\u00e1n, azzal a c\u00e9llal, hogy minden \u00e9rdekl\u0151d\u00e9si ter\u00fcletet lefed\u0151, magas sz\u00ednvonal\u00fa tudom\u00e1nyos programmal k\u00e9pviseltesse mag\u00e1t. Kiemelten fontosnak tartjuk a koll\u00e9gan\u0151ink d\u00edjaz\u00e1s\u00e1t, munk\u00e1juk elismer\u00e9s\u00e9t. Szekci\u00f3nk egy\u00f6ntet\u0171 d\u00f6nt\u00e9se alapj\u00e1n a Colon Szekci\u00f3. valamint az MGT vezet\u0151s\u00e9g\u00e9nek t\u00e1mogat\u00e1s\u00e1val az idei \u00e9vben is \u00e1tad\u00e1sra ker\u00fcl A \u201ePr\u00f3nay d\u00edj \u201evalamint a GEA Alap\u00edtv\u00e1nyi d\u00edj is kioszt\u00e1sra ker\u00fcl. Fontos, tal\u00e1n egyed\u00fcl \u00e1ll\u00f3 elismer\u0151 oklevelet is ki fogunk osztani, j\u00e1szber\u00e9nyi koll\u00e9gan\u0151nk 50 \u00e9ves munk\u00e1j\u00e1t fogjuk elismerni .<\/p>\n<p>B\u00edzunk benne, hogy az idei program is \u2013 az el\u0151z\u0151 \u00e9vekhez hasonl\u00f3an \u2013 nagy \u00e9rdekl\u0151d\u00e9st v\u00e1lt ki, \u00e9s tov\u00e1bb er\u0151s\u00edti a szakmai k\u00f6z\u00f6ss\u00e9get.<\/p>\n<p>Tisztelettel:<\/p>\n<p>Bacskain\u00e9 Beluzs\u00e1r Adrienn<br \/>\npresident<\/p>\n<p>Langhammer Szilvia<br \/>\ntitk\u00e1r<\/p>\n<p>MGT Endoszk\u00f3pos Asszisztensi Szekci\u00f3<\/p>\n<p style=\"text-align: right;\">Kelt: 2026.04.10.<\/p>","protected":false},"excerpt":{"rendered":"<p>Nagy \u00f6r\u00f6m\u00fcnkre szolg\u00e1lt, hogy 2025. j\u00fanius 12\u201315. k\u00f6z\u00f6tt Si\u00f3fokon megrendez\u00e9sre ker\u00fcl\u0151 MGT Nagygy\u0171l\u00e9sen \u00f6sszesen 196 szakdolgoz\u00f3 regisztr\u00e1lt. A szakdolgoz\u00f3i tudom\u00e1nyos napot hagyom\u00e1nyainkhoz h\u00edven az IBD <a href=\"https:\/\/mgtiroda.hu\/en\/beszamolo-az-mgt-endoszkopos-asszisztensi-szekciojanak-2025-2026-evi-eddigi-munkajarol\/\"> [&#8230;]<\/a><\/p>\n","protected":false},"author":1,"featured_media":0,"comment_status":"closed","ping_status":"open","sticky":false,"template":"","format":"standard","meta":{"footnotes":""},"categories":[40],"tags":[],"class_list":["post-13206","post","type-post","status-publish","format-standard","hentry","category-hirek"],"_links":{"self":[{"href":"https:\/\/mgtiroda.hu\/en\/wp-json\/wp\/v2\/posts\/13206","targetHints":{"allow":["GET"]}}],"collection":[{"href":"https:\/\/mgtiroda.hu\/en\/wp-json\/wp\/v2\/posts"}],"about":[{"href":"https:\/\/mgtiroda.hu\/en\/wp-json\/wp\/v2\/types\/post"}],"author":[{"embeddable":true,"href":"https:\/\/mgtiroda.hu\/en\/wp-json\/wp\/v2\/users\/1"}],"replies":[{"embeddable":true,"href":"https:\/\/mgtiroda.hu\/en\/wp-json\/wp\/v2\/comments?post=13206"}],"version-history":[{"count":1,"href":"https:\/\/mgtiroda.hu\/en\/wp-json\/wp\/v2\/posts\/13206\/revisions"}],"predecessor-version":[{"id":13207,"href":"https:\/\/mgtiroda.hu\/en\/wp-json\/wp\/v2\/posts\/13206\/revisions\/13207"}],"wp:attachment":[{"href":"https:\/\/mgtiroda.hu\/en\/wp-json\/wp\/v2\/media?parent=13206"}],"wp:term":[{"taxonomy":"category","embeddable":true,"href":"https:\/\/mgtiroda.hu\/en\/wp-json\/wp\/v2\/categories?post=13206"},{"taxonomy":"post_tag","embeddable":true,"href":"https:\/\/mgtiroda.hu\/en\/wp-json\/wp\/v2\/tags?post=13206"}],"curies":[{"name":"wp","href":"https:\/\/api.w.org\/{rel}","templated":true}]}}